{"id":454,"date":"2019-12-09T08:53:20","date_gmt":"2019-12-09T07:53:20","guid":{"rendered":"https:\/\/cfcp.wp2.siteo.com\/test\/forte-mobilisation-le-2-decembre-pour-la-journee-de-la-filiere-automobile-pfa-a-paris-bercy\/"},"modified":"2019-12-09T08:53:20","modified_gmt":"2019-12-09T07:53:20","slug":"forte-mobilisation-le-2-decembre-pour-la-journee-de-la-filiere-automobile-pfa-a-paris-bercy","status":"publish","type":"post","link":"https:\/\/cfcp-caoutchouc.com\/ifoca\/forte-mobilisation-le-2-decembre-pour-la-journee-de-la-filiere-automobile-pfa-a-paris-bercy\/","title":{"rendered":"Forte mobilisation, le 2 d\u00e9cembre,  pour la journ\u00e9e de la Fili\u00e8re Automobile \u2013 PFA \u00e0 Paris Bercy"},"content":{"rendered":"<p>Th&egrave;me : relever les d&eacute;fis d&rsquo;une industrie automobile en pleine mutation<br \/>&#8211; Tendances du march&eacute;<br \/>&#8211; Relations clients-fournisseurs<br \/>&#8211; Performance industrielle<br \/>&#8211; Feuille de route technologique<br \/>&#8211; Emplois et comp&eacute;tences<\/p>\n<p>Un beau succ&egrave;s, plus de 500 personnes pr&eacute;sentes !<br \/>Des interventions de qualit&eacute; : dirigeants d&rsquo;entreprises (PME et grands groupes) et Ministres.<\/p>\n<p>T&eacute;l&eacute;chargez les documents pr&eacute;sent&eacute;s : <a href=\"https:\/\/pfa-auto.fr\/2019\/12\/03\/retour-sur-la-journeedelafiliereauto\/\">https:\/\/pfa-auto.fr\/2019\/12\/03\/retour-sur-la-journeedelafiliereauto\/<\/a><a href=\"https:\/\/pfa-auto.fr\/2019\/12\/03\/retour-sur-la-journeedelafiliereauto\/\" target=\"_blank\" rel=\"noopener\"><\/a><\/p>\n","protected":false},"excerpt":{"rendered":"<p>Th&egrave;me : relever les d&eacute;fis d&rsquo;une industrie automobile en pleine mutation&#8211; Tendances du march&eacute;&#8211; Relations clients-fournisseurs&#8211; Performance industrielle&#8211; Feuille de route technologique&#8211; Emplois et comp&eacute;tences Un beau succ&egrave;s, plus de 500 personnes pr&eacute;sentes !Des interventions de qualit&eacute; : dirigeants d&rsquo;entreprises (PME et grands groupes) et Ministres. T&eacute;l&eacute;chargez les documents pr&eacute;sent&eacute;s : https:\/\/pfa-auto.fr\/2019\/12\/03\/retour-sur-la-journeedelafiliereauto\/<\/p>\n","protected":false},"author":1,"featured_media":453,"comment_status":"open","ping_status":"open","sticky":false,"template":"","format":"standard","meta":{"_acf_changed":false,"_relevanssi_hide_post":"","_relevanssi_hide_content":"","_relevanssi_pin_for_all":"","_relevanssi_pin_keywords":"","_relevanssi_unpin_keywords":"","_relevanssi_related_keywords":"","_relevanssi_related_include_ids":"","_relevanssi_related_exclude_ids":"","_relevanssi_related_no_append":"","_relevanssi_related_not_related":"","_relevanssi_related_posts":"","_relevanssi_noindex_reason":"","footnotes":""},"categories":[9],"tags":[],"class_list":["post-454","post","type-post","status-publish","format-standard","has-post-thumbnail","hentry","category-actualites"],"acf":[],"yoast_head":"<!-- This site is optimized with the Yoast SEO plugin v27.5 - https:\/\/yoast.com\/product\/yoast-seo-wordpress\/ -->\n<title>Forte mobilisation, le 2 d\u00e9cembre, pour la journ\u00e9e de la Fili\u00e8re Automobile \u2013 PFA \u00e0 Paris Bercy - IFOCA<\/title>\n<meta name=\"robots\" content=\"index, follow, max-snippet:-1, max-image-preview:large, max-video-preview:-1\" \/>\n<link rel=\"canonical\" href=\"https:\/\/cfcp-caoutchouc.com\/ifoca\/forte-mobilisation-le-2-decembre-pour-la-journee-de-la-filiere-automobile-pfa-a-paris-bercy\/\" \/>\n<meta property=\"og:locale\" content=\"fr_FR\" \/>\n<meta property=\"og:type\" content=\"article\" \/>\n<meta property=\"og:title\" content=\"Forte mobilisation, le 2 d\u00e9cembre, pour la journ\u00e9e de la Fili\u00e8re Automobile \u2013 PFA \u00e0 Paris Bercy - IFOCA\" \/>\n<meta property=\"og:description\" content=\"Th&egrave;me : relever les d&eacute;fis d&rsquo;une industrie automobile en pleine mutation&#8211; Tendances du march&eacute;&#8211; Relations clients-fournisseurs&#8211; Performance industrielle&#8211; Feuille de route technologique&#8211; Emplois et comp&eacute;tences Un beau succ&egrave;s, plus de 500 personnes pr&eacute;sentes !Des interventions de qualit&eacute; : dirigeants d&rsquo;entreprises (PME et grands groupes) et Ministres. T&eacute;l&eacute;chargez les documents pr&eacute;sent&eacute;s : https:\/\/pfa-auto.fr\/2019\/12\/03\/retour-sur-la-journeedelafiliereauto\/\" \/>\n<meta property=\"og:url\" content=\"https:\/\/cfcp-caoutchouc.com\/ifoca\/forte-mobilisation-le-2-decembre-pour-la-journee-de-la-filiere-automobile-pfa-a-paris-bercy\/\" \/>\n<meta property=\"og:site_name\" content=\"IFOCA\" \/>\n<meta property=\"article:published_time\" content=\"2019-12-09T07:53:20+00:00\" \/>\n<meta property=\"og:image\" content=\"https:\/\/cfcp-caoutchouc.com\/ifoca\/wp-content\/uploads\/sites\/4\/2019\/12\/F._Jeantet_PFA_2_12_2019-scaled.jpg\" \/>\n\t<meta property=\"og:image:width\" content=\"2560\" \/>\n\t<meta property=\"og:image:height\" content=\"1920\" \/>\n\t<meta property=\"og:image:type\" content=\"image\/jpeg\" \/>\n<meta name=\"author\" content=\"agencesiteo\" \/>\n<meta name=\"twitter:card\" content=\"summary_large_image\" \/>\n<meta name=\"twitter:label1\" content=\"\u00c9crit par\" \/>\n\t<meta name=\"twitter:data1\" content=\"agencesiteo\" \/>\n<script type=\"application\/ld+json\" class=\"yoast-schema-graph\">{\"@context\":\"https:\\\/\\\/schema.org\",\"@graph\":[{\"@type\":\"Article\",\"@id\":\"https:\\\/\\\/cfcp-caoutchouc.com\\\/ifoca\\\/forte-mobilisation-le-2-decembre-pour-la-journee-de-la-filiere-automobile-pfa-a-paris-bercy\\\/#article\",\"isPartOf\":{\"@id\":\"https:\\\/\\\/cfcp-caoutchouc.com\\\/ifoca\\\/forte-mobilisation-le-2-decembre-pour-la-journee-de-la-filiere-automobile-pfa-a-paris-bercy\\\/\"},\"author\":{\"name\":\"agencesiteo\",\"@id\":\"https:\\\/\\\/cfcp-caoutchouc.com\\\/ifoca\\\/#\\\/schema\\\/person\\\/badfe961c11a79897f906928579f79ee\"},\"headline\":\"Forte mobilisation, le 2 d\u00e9cembre, pour la journ\u00e9e de la Fili\u00e8re Automobile \u2013 PFA \u00e0 Paris Bercy\",\"datePublished\":\"2019-12-09T07:53:20+00:00\",\"mainEntityOfPage\":{\"@id\":\"https:\\\/\\\/cfcp-caoutchouc.com\\\/ifoca\\\/forte-mobilisation-le-2-decembre-pour-la-journee-de-la-filiere-automobile-pfa-a-paris-bercy\\\/\"},\"wordCount\":93,\"commentCount\":0,\"publisher\":{\"@id\":\"https:\\\/\\\/cfcp-caoutchouc.com\\\/ifoca\\\/#organization\"},\"image\":{\"@id\":\"https:\\\/\\\/cfcp-caoutchouc.com\\\/ifoca\\\/forte-mobilisation-le-2-decembre-pour-la-journee-de-la-filiere-automobile-pfa-a-paris-bercy\\\/#primaryimage\"},\"thumbnailUrl\":\"https:\\\/\\\/cfcp-caoutchouc.com\\\/ifoca\\\/wp-content\\\/uploads\\\/sites\\\/4\\\/2019\\\/12\\\/F._Jeantet_PFA_2_12_2019-scaled.jpg\",\"articleSection\":[\"Actualit\u00e9s\"],\"inLanguage\":\"fr-FR\",\"potentialAction\":[{\"@type\":\"CommentAction\",\"name\":\"Comment\",\"target\":[\"https:\\\/\\\/cfcp-caoutchouc.com\\\/ifoca\\\/forte-mobilisation-le-2-decembre-pour-la-journee-de-la-filiere-automobile-pfa-a-paris-bercy\\\/#respond\"]}]},{\"@type\":\"WebPage\",\"@id\":\"https:\\\/\\\/cfcp-caoutchouc.com\\\/ifoca\\\/forte-mobilisation-le-2-decembre-pour-la-journee-de-la-filiere-automobile-pfa-a-paris-bercy\\\/\",\"url\":\"https:\\\/\\\/cfcp-caoutchouc.com\\\/ifoca\\\/forte-mobilisation-le-2-decembre-pour-la-journee-de-la-filiere-automobile-pfa-a-paris-bercy\\\/\",\"name\":\"Forte mobilisation, le 2 d\u00e9cembre, pour la journ\u00e9e de la Fili\u00e8re Automobile \u2013 PFA \u00e0 Paris Bercy - IFOCA\",\"isPartOf\":{\"@id\":\"https:\\\/\\\/cfcp-caoutchouc.com\\\/ifoca\\\/#website\"},\"primaryImageOfPage\":{\"@id\":\"https:\\\/\\\/cfcp-caoutchouc.com\\\/ifoca\\\/forte-mobilisation-le-2-decembre-pour-la-journee-de-la-filiere-automobile-pfa-a-paris-bercy\\\/#primaryimage\"},\"image\":{\"@id\":\"https:\\\/\\\/cfcp-caoutchouc.com\\\/ifoca\\\/forte-mobilisation-le-2-decembre-pour-la-journee-de-la-filiere-automobile-pfa-a-paris-bercy\\\/#primaryimage\"},\"thumbnailUrl\":\"https:\\\/\\\/cfcp-caoutchouc.com\\\/ifoca\\\/wp-content\\\/uploads\\\/sites\\\/4\\\/2019\\\/12\\\/F._Jeantet_PFA_2_12_2019-scaled.jpg\",\"datePublished\":\"2019-12-09T07:53:20+00:00\",\"breadcrumb\":{\"@id\":\"https:\\\/\\\/cfcp-caoutchouc.com\\\/ifoca\\\/forte-mobilisation-le-2-decembre-pour-la-journee-de-la-filiere-automobile-pfa-a-paris-bercy\\\/#breadcrumb\"},\"inLanguage\":\"fr-FR\",\"potentialAction\":[{\"@type\":\"ReadAction\",\"target\":[\"https:\\\/\\\/cfcp-caoutchouc.com\\\/ifoca\\\/forte-mobilisation-le-2-decembre-pour-la-journee-de-la-filiere-automobile-pfa-a-paris-bercy\\\/\"]}]},{\"@type\":\"ImageObject\",\"inLanguage\":\"fr-FR\",\"@id\":\"https:\\\/\\\/cfcp-caoutchouc.com\\\/ifoca\\\/forte-mobilisation-le-2-decembre-pour-la-journee-de-la-filiere-automobile-pfa-a-paris-bercy\\\/#primaryimage\",\"url\":\"https:\\\/\\\/cfcp-caoutchouc.com\\\/ifoca\\\/wp-content\\\/uploads\\\/sites\\\/4\\\/2019\\\/12\\\/F._Jeantet_PFA_2_12_2019-scaled.jpg\",\"contentUrl\":\"https:\\\/\\\/cfcp-caoutchouc.com\\\/ifoca\\\/wp-content\\\/uploads\\\/sites\\\/4\\\/2019\\\/12\\\/F._Jeantet_PFA_2_12_2019-scaled.jpg\",\"width\":2560,\"height\":1920,\"caption\":\"F. Jeantet PFA 2 12 2019\"},{\"@type\":\"BreadcrumbList\",\"@id\":\"https:\\\/\\\/cfcp-caoutchouc.com\\\/ifoca\\\/forte-mobilisation-le-2-decembre-pour-la-journee-de-la-filiere-automobile-pfa-a-paris-bercy\\\/#breadcrumb\",\"itemListElement\":[{\"@type\":\"ListItem\",\"position\":1,\"name\":\"Accueil\",\"item\":\"https:\\\/\\\/cfcp-caoutchouc.com\\\/ifoca\\\/\"},{\"@type\":\"ListItem\",\"position\":2,\"name\":\"Forte mobilisation, le 2 d\u00e9cembre, pour la journ\u00e9e de la Fili\u00e8re Automobile \u2013 PFA \u00e0 Paris Bercy\"}]},{\"@type\":\"WebSite\",\"@id\":\"https:\\\/\\\/cfcp-caoutchouc.com\\\/ifoca\\\/#website\",\"url\":\"https:\\\/\\\/cfcp-caoutchouc.com\\\/ifoca\\\/\",\"name\":\"IFOCA\",\"description\":\"Institut National de Formation&lt;br&gt;et d\u2019enseignement professionnel du caoutchouc\",\"publisher\":{\"@id\":\"https:\\\/\\\/cfcp-caoutchouc.com\\\/ifoca\\\/#organization\"},\"potentialAction\":[{\"@type\":\"SearchAction\",\"target\":{\"@type\":\"EntryPoint\",\"urlTemplate\":\"https:\\\/\\\/cfcp-caoutchouc.com\\\/ifoca\\\/?s={search_term_string}\"},\"query-input\":{\"@type\":\"PropertyValueSpecification\",\"valueRequired\":true,\"valueName\":\"search_term_string\"}}],\"inLanguage\":\"fr-FR\"},{\"@type\":\"Organization\",\"@id\":\"https:\\\/\\\/cfcp-caoutchouc.com\\\/ifoca\\\/#organization\",\"name\":\"IFOCA\",\"url\":\"https:\\\/\\\/cfcp-caoutchouc.com\\\/ifoca\\\/\",\"logo\":{\"@type\":\"ImageObject\",\"inLanguage\":\"fr-FR\",\"@id\":\"https:\\\/\\\/cfcp-caoutchouc.com\\\/ifoca\\\/#\\\/schema\\\/logo\\\/image\\\/\",\"url\":\"https:\\\/\\\/cfcp-caoutchouc.com\\\/ifoca\\\/wp-content\\\/uploads\\\/sites\\\/4\\\/2021\\\/10\\\/ifoca-academy-logo.png\",\"contentUrl\":\"https:\\\/\\\/cfcp-caoutchouc.com\\\/ifoca\\\/wp-content\\\/uploads\\\/sites\\\/4\\\/2021\\\/10\\\/ifoca-academy-logo.png\",\"width\":576,\"height\":323,\"caption\":\"IFOCA\"},\"image\":{\"@id\":\"https:\\\/\\\/cfcp-caoutchouc.com\\\/ifoca\\\/#\\\/schema\\\/logo\\\/image\\\/\"}},{\"@type\":\"Person\",\"@id\":\"https:\\\/\\\/cfcp-caoutchouc.com\\\/ifoca\\\/#\\\/schema\\\/person\\\/badfe961c11a79897f906928579f79ee\",\"name\":\"agencesiteo\",\"image\":{\"@type\":\"ImageObject\",\"inLanguage\":\"fr-FR\",\"@id\":\"https:\\\/\\\/secure.gravatar.com\\\/avatar\\\/dc025eed01cce56b10974e9ae1d9a3615746453089e8143c483f6d4051b36756?s=96&d=mm&r=g\",\"url\":\"https:\\\/\\\/secure.gravatar.com\\\/avatar\\\/dc025eed01cce56b10974e9ae1d9a3615746453089e8143c483f6d4051b36756?s=96&d=mm&r=g\",\"contentUrl\":\"https:\\\/\\\/secure.gravatar.com\\\/avatar\\\/dc025eed01cce56b10974e9ae1d9a3615746453089e8143c483f6d4051b36756?s=96&d=mm&r=g\",\"caption\":\"agencesiteo\"},\"url\":\"https:\\\/\\\/cfcp-caoutchouc.com\\\/ifoca\\\/author\\\/agencesiteo\\\/\"}]}<\/script>\n<!-- \/ Yoast SEO plugin. -->","yoast_head_json":{"title":"Forte mobilisation, le 2 d\u00e9cembre, pour la journ\u00e9e de la Fili\u00e8re Automobile \u2013 PFA \u00e0 Paris Bercy - IFOCA","robots":{"index":"index","follow":"follow","max-snippet":"max-snippet:-1","max-image-preview":"max-image-preview:large","max-video-preview":"max-video-preview:-1"},"canonical":"https:\/\/cfcp-caoutchouc.com\/ifoca\/forte-mobilisation-le-2-decembre-pour-la-journee-de-la-filiere-automobile-pfa-a-paris-bercy\/","og_locale":"fr_FR","og_type":"article","og_title":"Forte mobilisation, le 2 d\u00e9cembre, pour la journ\u00e9e de la Fili\u00e8re Automobile \u2013 PFA \u00e0 Paris Bercy - IFOCA","og_description":"Th&egrave;me : relever les d&eacute;fis d&rsquo;une industrie automobile en pleine mutation&#8211; Tendances du march&eacute;&#8211; Relations clients-fournisseurs&#8211; Performance industrielle&#8211; Feuille de route technologique&#8211; Emplois et comp&eacute;tences Un beau succ&egrave;s, plus de 500 personnes pr&eacute;sentes !Des interventions de qualit&eacute; : dirigeants d&rsquo;entreprises (PME et grands groupes) et Ministres. T&eacute;l&eacute;chargez les documents pr&eacute;sent&eacute;s : https:\/\/pfa-auto.fr\/2019\/12\/03\/retour-sur-la-journeedelafiliereauto\/","og_url":"https:\/\/cfcp-caoutchouc.com\/ifoca\/forte-mobilisation-le-2-decembre-pour-la-journee-de-la-filiere-automobile-pfa-a-paris-bercy\/","og_site_name":"IFOCA","article_published_time":"2019-12-09T07:53:20+00:00","og_image":[{"width":2560,"height":1920,"url":"https:\/\/cfcp-caoutchouc.com\/ifoca\/wp-content\/uploads\/sites\/4\/2019\/12\/F._Jeantet_PFA_2_12_2019-scaled.jpg","type":"image\/jpeg"}],"author":"agencesiteo","twitter_card":"summary_large_image","twitter_misc":{"\u00c9crit par":"agencesiteo"},"schema":{"@context":"https:\/\/schema.org","@graph":[{"@type":"Article","@id":"https:\/\/cfcp-caoutchouc.com\/ifoca\/forte-mobilisation-le-2-decembre-pour-la-journee-de-la-filiere-automobile-pfa-a-paris-bercy\/#article","isPartOf":{"@id":"https:\/\/cfcp-caoutchouc.com\/ifoca\/forte-mobilisation-le-2-decembre-pour-la-journee-de-la-filiere-automobile-pfa-a-paris-bercy\/"},"author":{"name":"agencesiteo","@id":"https:\/\/cfcp-caoutchouc.com\/ifoca\/#\/schema\/person\/badfe961c11a79897f906928579f79ee"},"headline":"Forte mobilisation, le 2 d\u00e9cembre, pour la journ\u00e9e de la Fili\u00e8re Automobile \u2013 PFA \u00e0 Paris Bercy","datePublished":"2019-12-09T07:53:20+00:00","mainEntityOfPage":{"@id":"https:\/\/cfcp-caoutchouc.com\/ifoca\/forte-mobilisation-le-2-decembre-pour-la-journee-de-la-filiere-automobile-pfa-a-paris-bercy\/"},"wordCount":93,"commentCount":0,"publisher":{"@id":"https:\/\/cfcp-caoutchouc.com\/ifoca\/#organization"},"image":{"@id":"https:\/\/cfcp-caoutchouc.com\/ifoca\/forte-mobilisation-le-2-decembre-pour-la-journee-de-la-filiere-automobile-pfa-a-paris-bercy\/#primaryimage"},"thumbnailUrl":"https:\/\/cfcp-caoutchouc.com\/ifoca\/wp-content\/uploads\/sites\/4\/2019\/12\/F._Jeantet_PFA_2_12_2019-scaled.jpg","articleSection":["Actualit\u00e9s"],"inLanguage":"fr-FR","potentialAction":[{"@type":"CommentAction","name":"Comment","target":["https:\/\/cfcp-caoutchouc.com\/ifoca\/forte-mobilisation-le-2-decembre-pour-la-journee-de-la-filiere-automobile-pfa-a-paris-bercy\/#respond"]}]},{"@type":"WebPage","@id":"https:\/\/cfcp-caoutchouc.com\/ifoca\/forte-mobilisation-le-2-decembre-pour-la-journee-de-la-filiere-automobile-pfa-a-paris-bercy\/","url":"https:\/\/cfcp-caoutchouc.com\/ifoca\/forte-mobilisation-le-2-decembre-pour-la-journee-de-la-filiere-automobile-pfa-a-paris-bercy\/","name":"Forte mobilisation, le 2 d\u00e9cembre, pour la journ\u00e9e de la Fili\u00e8re Automobile \u2013 PFA \u00e0 Paris Bercy - IFOCA","isPartOf":{"@id":"https:\/\/cfcp-caoutchouc.com\/ifoca\/#website"},"primaryImageOfPage":{"@id":"https:\/\/cfcp-caoutchouc.com\/ifoca\/forte-mobilisation-le-2-decembre-pour-la-journee-de-la-filiere-automobile-pfa-a-paris-bercy\/#primaryimage"},"image":{"@id":"https:\/\/cfcp-caoutchouc.com\/ifoca\/forte-mobilisation-le-2-decembre-pour-la-journee-de-la-filiere-automobile-pfa-a-paris-bercy\/#primaryimage"},"thumbnailUrl":"https:\/\/cfcp-caoutchouc.com\/ifoca\/wp-content\/uploads\/sites\/4\/2019\/12\/F._Jeantet_PFA_2_12_2019-scaled.jpg","datePublished":"2019-12-09T07:53:20+00:00","breadcrumb":{"@id":"https:\/\/cfcp-caoutchouc.com\/ifoca\/forte-mobilisation-le-2-decembre-pour-la-journee-de-la-filiere-automobile-pfa-a-paris-bercy\/#breadcrumb"},"inLanguage":"fr-FR","potentialAction":[{"@type":"ReadAction","target":["https:\/\/cfcp-caoutchouc.com\/ifoca\/forte-mobilisation-le-2-decembre-pour-la-journee-de-la-filiere-automobile-pfa-a-paris-bercy\/"]}]},{"@type":"ImageObject","inLanguage":"fr-FR","@id":"https:\/\/cfcp-caoutchouc.com\/ifoca\/forte-mobilisation-le-2-decembre-pour-la-journee-de-la-filiere-automobile-pfa-a-paris-bercy\/#primaryimage","url":"https:\/\/cfcp-caoutchouc.com\/ifoca\/wp-content\/uploads\/sites\/4\/2019\/12\/F._Jeantet_PFA_2_12_2019-scaled.jpg","contentUrl":"https:\/\/cfcp-caoutchouc.com\/ifoca\/wp-content\/uploads\/sites\/4\/2019\/12\/F._Jeantet_PFA_2_12_2019-scaled.jpg","width":2560,"height":1920,"caption":"F. Jeantet PFA 2 12 2019"},{"@type":"BreadcrumbList","@id":"https:\/\/cfcp-caoutchouc.com\/ifoca\/forte-mobilisation-le-2-decembre-pour-la-journee-de-la-filiere-automobile-pfa-a-paris-bercy\/#breadcrumb","itemListElement":[{"@type":"ListItem","position":1,"name":"Accueil","item":"https:\/\/cfcp-caoutchouc.com\/ifoca\/"},{"@type":"ListItem","position":2,"name":"Forte mobilisation, le 2 d\u00e9cembre, pour la journ\u00e9e de la Fili\u00e8re Automobile \u2013 PFA \u00e0 Paris Bercy"}]},{"@type":"WebSite","@id":"https:\/\/cfcp-caoutchouc.com\/ifoca\/#website","url":"https:\/\/cfcp-caoutchouc.com\/ifoca\/","name":"IFOCA","description":"Institut National de Formation&lt;br&gt;et d\u2019enseignement professionnel du caoutchouc","publisher":{"@id":"https:\/\/cfcp-caoutchouc.com\/ifoca\/#organization"},"potentialAction":[{"@type":"SearchAction","target":{"@type":"EntryPoint","urlTemplate":"https:\/\/cfcp-caoutchouc.com\/ifoca\/?s={search_term_string}"},"query-input":{"@type":"PropertyValueSpecification","valueRequired":true,"valueName":"search_term_string"}}],"inLanguage":"fr-FR"},{"@type":"Organization","@id":"https:\/\/cfcp-caoutchouc.com\/ifoca\/#organization","name":"IFOCA","url":"https:\/\/cfcp-caoutchouc.com\/ifoca\/","logo":{"@type":"ImageObject","inLanguage":"fr-FR","@id":"https:\/\/cfcp-caoutchouc.com\/ifoca\/#\/schema\/logo\/image\/","url":"https:\/\/cfcp-caoutchouc.com\/ifoca\/wp-content\/uploads\/sites\/4\/2021\/10\/ifoca-academy-logo.png","contentUrl":"https:\/\/cfcp-caoutchouc.com\/ifoca\/wp-content\/uploads\/sites\/4\/2021\/10\/ifoca-academy-logo.png","width":576,"height":323,"caption":"IFOCA"},"image":{"@id":"https:\/\/cfcp-caoutchouc.com\/ifoca\/#\/schema\/logo\/image\/"}},{"@type":"Person","@id":"https:\/\/cfcp-caoutchouc.com\/ifoca\/#\/schema\/person\/badfe961c11a79897f906928579f79ee","name":"agencesiteo","image":{"@type":"ImageObject","inLanguage":"fr-FR","@id":"https:\/\/secure.gravatar.com\/avatar\/dc025eed01cce56b10974e9ae1d9a3615746453089e8143c483f6d4051b36756?s=96&d=mm&r=g","url":"https:\/\/secure.gravatar.com\/avatar\/dc025eed01cce56b10974e9ae1d9a3615746453089e8143c483f6d4051b36756?s=96&d=mm&r=g","contentUrl":"https:\/\/secure.gravatar.com\/avatar\/dc025eed01cce56b10974e9ae1d9a3615746453089e8143c483f6d4051b36756?s=96&d=mm&r=g","caption":"agencesiteo"},"url":"https:\/\/cfcp-caoutchouc.com\/ifoca\/author\/agencesiteo\/"}]}},"_links":{"self":[{"href":"https:\/\/cfcp-caoutchouc.com\/ifoca\/wp-json\/wp\/v2\/posts\/454","targetHints":{"allow":["GET"]}}],"collection":[{"href":"https:\/\/cfcp-caoutchouc.com\/ifoca\/wp-json\/wp\/v2\/posts"}],"about":[{"href":"https:\/\/cfcp-caoutchouc.com\/ifoca\/wp-json\/wp\/v2\/types\/post"}],"author":[{"embeddable":true,"href":"https:\/\/cfcp-caoutchouc.com\/ifoca\/wp-json\/wp\/v2\/users\/1"}],"replies":[{"embeddable":true,"href":"https:\/\/cfcp-caoutchouc.com\/ifoca\/wp-json\/wp\/v2\/comments?post=454"}],"version-history":[{"count":0,"href":"https:\/\/cfcp-caoutchouc.com\/ifoca\/wp-json\/wp\/v2\/posts\/454\/revisions"}],"wp:featuredmedia":[{"embeddable":true,"href":"https:\/\/cfcp-caoutchouc.com\/ifoca\/wp-json\/wp\/v2\/media\/453"}],"wp:attachment":[{"href":"https:\/\/cfcp-caoutchouc.com\/ifoca\/wp-json\/wp\/v2\/media?parent=454"}],"wp:term":[{"taxonomy":"category","embeddable":true,"href":"https:\/\/cfcp-caoutchouc.com\/ifoca\/wp-json\/wp\/v2\/categories?post=454"},{"taxonomy":"post_tag","embeddable":true,"href":"https:\/\/cfcp-caoutchouc.com\/ifoca\/wp-json\/wp\/v2\/tags?post=454"}],"curies":[{"name":"wp","href":"https:\/\/api.w.org\/{rel}","templated":true}]}}